{"id":121,"date":"2024-09-22T14:29:45","date_gmt":"2024-09-22T14:29:45","guid":{"rendered":"https:\/\/schalker-fanclub-lembeck.com\/?p=121"},"modified":"2024-09-22T14:37:26","modified_gmt":"2024-09-22T14:37:26","slug":"zukuenftige-auswaertsfahrten","status":"publish","type":"post","link":"https:\/\/schalker-fanclub-lembeck.com\/?p=121","title":{"rendered":"Zuk\u00fcnftige Ausw\u00e4rtsfahrten"},"content":{"rendered":"\n<p>Hallo Schalker,<br><br>nach unserer Vorstandssitzung vom 02.09.24 m\u00f6chten wir euch mitteilen,<br>dass es immer schwerer wird Karten f\u00fcr eine Ausw\u00e4rtsfahrt zu bekommen.<br>Die Kartenzuteilung erfolgt nicht mehr \u00fcber den SFCV, sondern ausschlie\u00dflich \u00fcber<br>FC Schalke 04, deren Zuteilung meist erst 4 Wochen vor Spieltag erfolgt.<br><br>Wir versuchen \u00fcber diesen Weg &#8211; und auch \u00fcber die gegnerischen Vereine &#8211; trotzdem an Karten zu kommen.<br>Das hei\u00dft aber auch, dass wir eine evtl. Ausw\u00e4rtstour kurzfristig planen m\u00fcssen und auf schnelle R\u00fcckmeldungen eurerseits angewiesen sind.<br><br>Wir geben unser Bestes und halten euch auf dem Laufenden, sobald es Neuigkeiten gibt.<br><br>Bis dahin &#8211; Gl\u00fcck auf!<br>Euer Vorstand<br><br><\/p>\n","protected":false},"excerpt":{"rendered":"<p>Hallo Schalker, nach unserer Vorstandssitzung vom 02.09.24 m\u00f6chten wir euch mitteilen,dass es immer schwerer wird Karten f\u00fcr eine Ausw\u00e4rtsfahrt zu<\/p>\n<p class=\"readmore\"><a href=\"https:\/\/schalker-fanclub-lembeck.com\/?p=121\" title=\"Read Zuk\u00fcnftige Ausw\u00e4rtsfahrten\">Read more &raquo;<\/a><\/p>\n","protected":false},"author":1,"featured_media":0,"comment_status":"closed","ping_status":"closed","sticky":false,"template":"","format":"standard","meta":{"footnotes":""},"categories":[1],"tags":[13,11],"_links":{"self":[{"href":"https:\/\/schalker-fanclub-lembeck.com\/index.php?rest_route=\/wp\/v2\/posts\/121"}],"collection":[{"href":"https:\/\/schalker-fanclub-lembeck.com\/index.php?rest_route=\/wp\/v2\/posts"}],"about":[{"href":"https:\/\/schalker-fanclub-lembeck.com\/index.php?rest_route=\/wp\/v2\/types\/post"}],"author":[{"embeddable":true,"href":"https:\/\/schalker-fanclub-lembeck.com\/index.php?rest_route=\/wp\/v2\/users\/1"}],"replies":[{"embeddable":true,"href":"https:\/\/schalker-fanclub-lembeck.com\/index.php?rest_route=%2Fwp%2Fv2%2Fcomments&post=121"}],"version-history":[{"count":2,"href":"https:\/\/schalker-fanclub-lembeck.com\/index.php?rest_route=\/wp\/v2\/posts\/121\/revisions"}],"predecessor-version":[{"id":128,"href":"https:\/\/schalker-fanclub-lembeck.com\/index.php?rest_route=\/wp\/v2\/posts\/121\/revisions\/128"}],"wp:attachment":[{"href":"https:\/\/schalker-fanclub-lembeck.com\/index.php?rest_route=%2Fwp%2Fv2%2Fmedia&parent=121"}],"wp:term":[{"taxonomy":"category","embeddable":true,"href":"https:\/\/schalker-fanclub-lembeck.com\/index.php?rest_route=%2Fwp%2Fv2%2Fcategories&post=121"},{"taxonomy":"post_tag","embeddable":true,"href":"https:\/\/schalker-fanclub-lembeck.com\/index.php?rest_route=%2Fwp%2Fv2%2Ftags&post=121"}],"curies":[{"name":"wp","href":"https:\/\/api.w.org\/{rel}","templated":true}]}}